{"id":6043,"date":"2024-06-22T10:35:37","date_gmt":"2024-06-22T08:35:37","guid":{"rendered":"http:\/\/59.zagan.pl\/?p=6043"},"modified":"2024-06-22T10:35:45","modified_gmt":"2024-06-22T08:35:45","slug":"swieto-43-wog-w-obiektywie-powiatu-zaganskiego","status":"publish","type":"post","link":"http:\/\/59.zagan.pl\/?p=6043","title":{"rendered":"\u015awi\u0119to 43 WOG-u w obiektywie Powiatu \u017baga\u0144skiego"},"content":{"rendered":"<p>Kompania Honorowa uczni\u00f3w z klas mundurowych przy Zespole Szk\u00f3\u0142 Technicznych i Og\u00f3lnokszta\u0142c\u0105cych w \u017baganiu u\u015bwietni\u0142a obchody 43 Wojskowego Oddzia\u0142u Gospodarczego. Nie zabrak\u0142o fenomenalnego pokazu musztry paradnej, kt\u00f3ry zebra\u0142 owacje na stoj\u0105co. Warto r\u00f3wnie\u017c wspomnie\u0107 o tytule Honorowego Przyjaciela 43 WOG, kt\u00f3ry odebra\u0142a dyrektor Anna Kr\u00f3l z r\u0105k p\u0142k Edwarda Kosa\u0142ki, Komendanta 43 WOG.<\/p>\n<p>&nbsp;<\/p>\n<p>Poni\u017cej uj\u0119cia w obiektywie profilu Powiatu \u017baga\u0144skiego w portalu spo\u0142eczno\u015bciowym Facebook.<\/p>\n<p>Wi\u0119cej zdj\u0119\u0107 i relacji na\u00a0<a href=\"https:\/\/www.facebook.com\/profile.php?id=100064897111363\" target=\"_blank\" rel=\"noopener\">Powiat \u017baga\u0144ski<\/a><\/p>\n<p>&nbsp;<\/p>\n<p><img fetchpriority=\"high\" decoding=\"async\" class=\"aligncenter wp-image-6044 size-full\" src=\"http:\/\/59.zagan.pl\/wp-content\/uploads\/2024\/06\/448821503_892509049588991_6963058376090865850_n.jpg\" alt=\"\u015awi\u0119to 43 WOG-w obiektywie Powiatu \u017baga\u0144skiego - zdj\u0119cie 1\" width=\"2048\" height=\"1365\" srcset=\"http:\/\/59.zagan.pl\/wp-content\/uploads\/2024\/06\/448821503_892509049588991_6963058376090865850_n.jpg 2048w, http:\/\/59.zagan.pl\/wp-content\/uploads\/2024\/06\/448821503_892509049588991_6963058376090865850_n-300x200.jpg 300w, http:\/\/59.zagan.pl\/wp-content\/uploads\/2024\/06\/448821503_892509049588991_6963058376090865850_n-1024x683.jpg 1024w, http:\/\/59.zagan.pl\/wp-content\/uploads\/2024\/06\/448821503_892509049588991_6963058376090865850_n-768x512.jpg 768w, http:\/\/59.zagan.pl\/wp-content\/uploads\/2024\/06\/448821503_892509049588991_6963058376090865850_n-1536x1024.jpg 1536w, http:\/\/59.zagan.pl\/wp-content\/uploads\/2024\/06\/448821503_892509049588991_6963058376090865850_n-272x182.jpg 272w\" sizes=\"(max-width: 2048px) 100vw, 2048px\" \/> <img decoding=\"async\" class=\"aligncenter wp-image-6045 size-full\" src=\"http:\/\/59.zagan.pl\/wp-content\/uploads\/2024\/06\/448728109_892510549588841_3396679867692223373_n.jpg\" alt=\"\u015awi\u0119to 43 WOG-w obiektywie Powiatu \u017baga\u0144skiego - zdj\u0119cie 2\" width=\"2048\" height=\"1365\" srcset=\"http:\/\/59.zagan.pl\/wp-content\/uploads\/2024\/06\/448728109_892510549588841_3396679867692223373_n.jpg 2048w, http:\/\/59.zagan.pl\/wp-content\/uploads\/2024\/06\/448728109_892510549588841_3396679867692223373_n-300x200.jpg 300w, http:\/\/59.zagan.pl\/wp-content\/uploads\/2024\/06\/448728109_892510549588841_3396679867692223373_n-1024x683.jpg 1024w, http:\/\/59.zagan.pl\/wp-content\/uploads\/2024\/06\/448728109_892510549588841_3396679867692223373_n-768x512.jpg 768w, http:\/\/59.zagan.pl\/wp-content\/uploads\/2024\/06\/448728109_892510549588841_3396679867692223373_n-1536x1024.jpg 1536w, http:\/\/59.zagan.pl\/wp-content\/uploads\/2024\/06\/448728109_892510549588841_3396679867692223373_n-272x182.jpg 272w\" sizes=\"(max-width: 2048px) 100vw, 2048px\" \/><\/p>\n","protected":false},"excerpt":{"rendered":"<p>Kompania Honorowa uczni\u00f3w z klas mundurowych przy Zespole Szk\u00f3\u0142 Technicznych i Og\u00f3lnokszta\u0142c\u0105cych w \u017baganiu u\u015bwietni\u0142a&#8230;<\/p>\n","protected":false},"author":4,"featured_media":6045,"comment_status":"closed","ping_status":"closed","sticky":false,"template":"","format":"standard","meta":{"_uag_custom_page_level_css":"","footnotes":""},"categories":[11,15],"tags":[],"class_list":["post-6043","post","type-post","status-publish","format-standard","has-post-thumbnail","hentry","category-aktualnosci","category-certyfikowane-wojskowe-klasy-mundurowe"],"uagb_featured_image_src":{"full":["http:\/\/59.zagan.pl\/wp-content\/uploads\/2024\/06\/448728109_892510549588841_3396679867692223373_n.jpg",2048,1365,false],"thumbnail":["http:\/\/59.zagan.pl\/wp-content\/uploads\/2024\/06\/448728109_892510549588841_3396679867692223373_n-150x150.jpg",150,150,true],"medium":["http:\/\/59.zagan.pl\/wp-content\/uploads\/2024\/06\/448728109_892510549588841_3396679867692223373_n-300x200.jpg",300,200,true],"medium_large":["http:\/\/59.zagan.pl\/wp-content\/uploads\/2024\/06\/448728109_892510549588841_3396679867692223373_n-768x512.jpg",640,427,true],"large":["http:\/\/59.zagan.pl\/wp-content\/uploads\/2024\/06\/448728109_892510549588841_3396679867692223373_n-1024x683.jpg",640,427,true],"1536x1536":["http:\/\/59.zagan.pl\/wp-content\/uploads\/2024\/06\/448728109_892510549588841_3396679867692223373_n-1536x1024.jpg",1536,1024,true],"2048x2048":["http:\/\/59.zagan.pl\/wp-content\/uploads\/2024\/06\/448728109_892510549588841_3396679867692223373_n.jpg",2048,1365,false],"covernews-featured":["http:\/\/59.zagan.pl\/wp-content\/uploads\/2024\/06\/448728109_892510549588841_3396679867692223373_n-1024x683.jpg",1024,683,true],"covernews-medium":["http:\/\/59.zagan.pl\/wp-content\/uploads\/2024\/06\/448728109_892510549588841_3396679867692223373_n-540x340.jpg",540,340,true],"sow-carousel-default":["http:\/\/59.zagan.pl\/wp-content\/uploads\/2024\/06\/448728109_892510549588841_3396679867692223373_n-272x182.jpg",272,182,true]},"uagb_author_info":{"display_name":"Rafa\u0142 Surynt","author_link":"http:\/\/59.zagan.pl\/?author=4"},"uagb_comment_info":0,"uagb_excerpt":"Kompania Honorowa uczni\u00f3w z klas mundurowych przy Zespole Szk\u00f3\u0142 Technicznych i Og\u00f3lnokszta\u0142c\u0105cych w \u017baganiu u\u015bwietni\u0142a...","_links":{"self":[{"href":"http:\/\/59.zagan.pl\/index.php?rest_route=\/wp\/v2\/posts\/6043","targetHints":{"allow":["GET"]}}],"collection":[{"href":"http:\/\/59.zagan.pl\/index.php?rest_route=\/wp\/v2\/posts"}],"about":[{"href":"http:\/\/59.zagan.pl\/index.php?rest_route=\/wp\/v2\/types\/post"}],"author":[{"embeddable":true,"href":"http:\/\/59.zagan.pl\/index.php?rest_route=\/wp\/v2\/users\/4"}],"replies":[{"embeddable":true,"href":"http:\/\/59.zagan.pl\/index.php?rest_route=%2Fwp%2Fv2%2Fcomments&post=6043"}],"version-history":[{"count":2,"href":"http:\/\/59.zagan.pl\/index.php?rest_route=\/wp\/v2\/posts\/6043\/revisions"}],"predecessor-version":[{"id":6047,"href":"http:\/\/59.zagan.pl\/index.php?rest_route=\/wp\/v2\/posts\/6043\/revisions\/6047"}],"wp:featuredmedia":[{"embeddable":true,"href":"http:\/\/59.zagan.pl\/index.php?rest_route=\/wp\/v2\/media\/6045"}],"wp:attachment":[{"href":"http:\/\/59.zagan.pl\/index.php?rest_route=%2Fwp%2Fv2%2Fmedia&parent=6043"}],"wp:term":[{"taxonomy":"category","embeddable":true,"href":"http:\/\/59.zagan.pl\/index.php?rest_route=%2Fwp%2Fv2%2Fcategories&post=6043"},{"taxonomy":"post_tag","embeddable":true,"href":"http:\/\/59.zagan.pl\/index.php?rest_route=%2Fwp%2Fv2%2Ftags&post=6043"}],"curies":[{"name":"wp","href":"https:\/\/api.w.org\/{rel}","templated":true}]}}