{"id":8407,"date":"2025-12-10T11:04:03","date_gmt":"2025-12-10T10:04:03","guid":{"rendered":"http:\/\/59.zagan.pl\/?p=8407"},"modified":"2025-12-10T11:04:03","modified_gmt":"2025-12-10T10:04:03","slug":"spotkanie-z-adamem-woronowiczem","status":"publish","type":"post","link":"http:\/\/59.zagan.pl\/?p=8407","title":{"rendered":"Spotkanie z Adamem Woronowiczem"},"content":{"rendered":"<div dir=\"auto\">9 grudnia klasa 3TL mia\u0142a wyj\u0105tkow\u0105 mo\u017cliwo\u015b\u0107 uczestniczy\u0107 w spotkaniu z Adamem Woronowiczem w Pa\u0142acu Ksi\u0105\u017c\u0119cym w \u017baganiu.<\/div>\n<div dir=\"auto\"><\/div>\n<div dir=\"auto\">Uczniowie przed spotkaniem wzi\u0119li udzia\u0142 w quizie o Unii Europejskiej, w kt\u00f3rym jeden z uczni\u00f3w Kacper G\u00f3ralczyk zosta\u0142 wyr\u00f3\u017cniony za wiedz\u0119.<\/div>\n<div dir=\"auto\"><\/div>\n<div dir=\"auto\">Aktor podzieli\u0142 si\u0119 z nami nie tylko historiami ze swojej pracy, ale przede wszystkim wa\u017cnym przes\u0142aniem: aby nie w\u0105tpi\u0107 w siebie, rozwija\u0107 swoje pasje i odwa\u017cnie dzia\u0142a\u0107, nawet je\u015bli droga bywa trudna. Jego s\u0142owa by\u0142y ogromn\u0105 inspiracj\u0105 dla m\u0142odych ludzi, kt\u00f3rzy dopiero zaczynaj\u0105 budowa\u0107 swoj\u0105 przysz\u0142o\u015b\u0107.<\/div>\n<div dir=\"auto\"><\/div>\n<div dir=\"auto\"><\/div>\n<div dir=\"auto\">Atmosfera spotkania by\u0142a pe\u0142na \u017cyczliwo\u015bci, refleksji i motywacji.<\/div>\n<div dir=\"auto\">To wydarzenie na d\u0142ugo zostanie w naszej pami\u0119ci.\u00a0<img decoding=\"async\" class=\"an1\" draggable=\"false\" src=\"https:\/\/fonts.gstatic.com\/s\/e\/notoemoji\/16.0\/2728\/72.png\" alt=\"\u2728\" data-emoji=\"\u2728\" aria-label=\"\u2728\" \/><img decoding=\"async\" class=\"an1\" draggable=\"false\" src=\"https:\/\/fonts.gstatic.com\/s\/e\/notoemoji\/16.0\/1f3ad\/72.png\" alt=\"\ud83c\udfad\" data-emoji=\"\ud83c\udfad\" aria-label=\"\ud83c\udfad\" \/><\/div>\n<div dir=\"auto\"><\/div>\n<div dir=\"auto\">Dzi\u0119kujemy za t\u0119 niezwykle warto\u015bciow\u0105 lekcj\u0119!\u00a0<img decoding=\"async\" class=\"an1\" draggable=\"false\" src=\"https:\/\/fonts.gstatic.com\/s\/e\/notoemoji\/16.0\/1f499\/72.png\" alt=\"\ud83d\udc99\" data-emoji=\"\ud83d\udc99\" aria-label=\"\ud83d\udc99\" \/><img decoding=\"async\" class=\"an1\" draggable=\"false\" src=\"https:\/\/fonts.gstatic.com\/s\/e\/notoemoji\/16.0\/1f4da\/72.png\" alt=\"\ud83d\udcda\" data-emoji=\"\ud83d\udcda\" aria-label=\"\ud83d\udcda\" \/><\/div>\n<div dir=\"auto\"><\/div>\n<div dir=\"auto\"><img fetchpriority=\"high\" decoding=\"async\" class=\"aligncenter size-full wp-image-8416\" src=\"http:\/\/59.zagan.pl\/wp-content\/uploads\/2025\/12\/IMG-20251209-WA0024.jpg\" alt=\"Spotkanie z Adamem Worononiczem - zdj\u0119cie 9\" width=\"1200\" height=\"1600\" srcset=\"http:\/\/59.zagan.pl\/wp-content\/uploads\/2025\/12\/IMG-20251209-WA0024.jpg 1200w, http:\/\/59.zagan.pl\/wp-content\/uploads\/2025\/12\/IMG-20251209-WA0024-225x300.jpg 225w, http:\/\/59.zagan.pl\/wp-content\/uploads\/2025\/12\/IMG-20251209-WA0024-768x1024.jpg 768w, http:\/\/59.zagan.pl\/wp-content\/uploads\/2025\/12\/IMG-20251209-WA0024-1152x1536.jpg 1152w, http:\/\/59.zagan.pl\/wp-content\/uploads\/2025\/12\/IMG-20251209-WA0024-1024x1365.jpg 1024w\" sizes=\"(max-width: 1200px) 100vw, 1200px\" \/><\/div>\n","protected":false},"excerpt":{"rendered":"<p>9 grudnia klasa 3TL mia\u0142a wyj\u0105tkow\u0105 mo\u017cliwo\u015b\u0107 uczestniczy\u0107 w spotkaniu z Adamem Woronowiczem w Pa\u0142acu&#8230;<\/p>\n","protected":false},"author":4,"featured_media":8408,"comment_status":"closed","ping_status":"closed","sticky":false,"template":"","format":"standard","meta":{"_uag_custom_page_level_css":"","footnotes":""},"categories":[11,2],"tags":[],"class_list":["post-8407","post","type-post","status-publish","format-standard","has-post-thumbnail","hentry","category-aktualnosci","category-wydarzenia"],"uagb_featured_image_src":{"full":["http:\/\/59.zagan.pl\/wp-content\/uploads\/2025\/12\/20251209_120450-scaled.jpg",2560,1920,false],"thumbnail":["http:\/\/59.zagan.pl\/wp-content\/uploads\/2025\/12\/20251209_120450-150x150.jpg",150,150,true],"medium":["http:\/\/59.zagan.pl\/wp-content\/uploads\/2025\/12\/20251209_120450-300x225.jpg",300,225,true],"medium_large":["http:\/\/59.zagan.pl\/wp-content\/uploads\/2025\/12\/20251209_120450-768x576.jpg",640,480,true],"large":["http:\/\/59.zagan.pl\/wp-content\/uploads\/2025\/12\/20251209_120450-1024x768.jpg",640,480,true],"1536x1536":["http:\/\/59.zagan.pl\/wp-content\/uploads\/2025\/12\/20251209_120450-1536x1152.jpg",1536,1152,true],"2048x2048":["http:\/\/59.zagan.pl\/wp-content\/uploads\/2025\/12\/20251209_120450-2048x1536.jpg",2048,1536,true],"covernews-featured":["http:\/\/59.zagan.pl\/wp-content\/uploads\/2025\/12\/20251209_120450-1024x768.jpg",1024,768,true],"covernews-medium":["http:\/\/59.zagan.pl\/wp-content\/uploads\/2025\/12\/20251209_120450-540x340.jpg",540,340,true],"sow-carousel-default":["http:\/\/59.zagan.pl\/wp-content\/uploads\/2025\/12\/20251209_120450-272x182.jpg",272,182,true]},"uagb_author_info":{"display_name":"Rafa\u0142 Surynt","author_link":"http:\/\/59.zagan.pl\/?author=4"},"uagb_comment_info":0,"uagb_excerpt":"9 grudnia klasa 3TL mia\u0142a wyj\u0105tkow\u0105 mo\u017cliwo\u015b\u0107 uczestniczy\u0107 w spotkaniu z Adamem Woronowiczem w Pa\u0142acu...","_links":{"self":[{"href":"http:\/\/59.zagan.pl\/index.php?rest_route=\/wp\/v2\/posts\/8407","targetHints":{"allow":["GET"]}}],"collection":[{"href":"http:\/\/59.zagan.pl\/index.php?rest_route=\/wp\/v2\/posts"}],"about":[{"href":"http:\/\/59.zagan.pl\/index.php?rest_route=\/wp\/v2\/types\/post"}],"author":[{"embeddable":true,"href":"http:\/\/59.zagan.pl\/index.php?rest_route=\/wp\/v2\/users\/4"}],"replies":[{"embeddable":true,"href":"http:\/\/59.zagan.pl\/index.php?rest_route=%2Fwp%2Fv2%2Fcomments&post=8407"}],"version-history":[{"count":1,"href":"http:\/\/59.zagan.pl\/index.php?rest_route=\/wp\/v2\/posts\/8407\/revisions"}],"predecessor-version":[{"id":8417,"href":"http:\/\/59.zagan.pl\/index.php?rest_route=\/wp\/v2\/posts\/8407\/revisions\/8417"}],"wp:featuredmedia":[{"embeddable":true,"href":"http:\/\/59.zagan.pl\/index.php?rest_route=\/wp\/v2\/media\/8408"}],"wp:attachment":[{"href":"http:\/\/59.zagan.pl\/index.php?rest_route=%2Fwp%2Fv2%2Fmedia&parent=8407"}],"wp:term":[{"taxonomy":"category","embeddable":true,"href":"http:\/\/59.zagan.pl\/index.php?rest_route=%2Fwp%2Fv2%2Fcategories&post=8407"},{"taxonomy":"post_tag","embeddable":true,"href":"http:\/\/59.zagan.pl\/index.php?rest_route=%2Fwp%2Fv2%2Ftags&post=8407"}],"curies":[{"name":"wp","href":"https:\/\/api.w.org\/{rel}","templated":true}]}}