{"id":9030,"date":"2026-04-27T12:18:07","date_gmt":"2026-04-27T10:18:07","guid":{"rendered":"http:\/\/59.zagan.pl\/?p=9030"},"modified":"2026-04-27T12:18:07","modified_gmt":"2026-04-27T10:18:07","slug":"xvi-sztafeta-pamieci-generala-broni-tadeusz-buka","status":"publish","type":"post","link":"http:\/\/59.zagan.pl\/?p=9030","title":{"rendered":"XVI Sztafeta Pami\u0119ci genera\u0142a broni Tadeusz Buka"},"content":{"rendered":"<p data-start=\"0\" data-end=\"136\">23 kwietnia wzi\u0119li\u015bmy udzia\u0142 w obchodach \u015bwi\u0119ta 34 Brygady Kawalerii Pancernej \u201eHetma\u0144skiej Brygady\u201d, kt\u00f3ra od lat wspiera nasz\u0105 szko\u0142\u0119.<\/p>\n<p data-start=\"138\" data-end=\"393\">Nasz\u0105 spo\u0142eczno\u015b\u0107 reprezentowali nasi uczniowie, kt\u00f3rzy uczestniczyli w XVI Sztafecie Pami\u0119ci genera\u0142a broni Tadeusza Buka. By\u0142a to wa\u017cna i podnios\u0142a chwila, pozwalaj\u0105ca uczci\u0107 pami\u0119\u0107 genera\u0142a oraz wszystkich, kt\u00f3rzy s\u0142u\u017cyli Ojczy\u017anie.<\/p>\n<p data-start=\"395\" data-end=\"650\">Tego samego dnia przedstawiciele szko\u0142y wzi\u0119li r\u00f3wnie\u017c udzia\u0142 w uroczystym apelu na placu genera\u0142a Maczka. Obecno\u015b\u0107 w tych wydarzeniach by\u0142a dla nas wyrazem szacunku dla tradycji wojskowych oraz okazj\u0105 do kszta\u0142towania postaw patriotycznych w\u015br\u00f3d uczni\u00f3w.<\/p>\n<p data-start=\"652\" data-end=\"719\" data-is-last-node=\"\" data-is-only-node=\"\">Dzi\u0119kujemy za mo\u017cliwo\u015b\u0107 uczestnictwa w tak wa\u017cnych uroczysto\u015bciach.<\/p>\n<p data-start=\"652\" data-end=\"719\" data-is-last-node=\"\" data-is-only-node=\"\">\n<p data-start=\"652\" data-end=\"719\" data-is-last-node=\"\" data-is-only-node=\"\"><img fetchpriority=\"high\" decoding=\"async\" class=\"aligncenter size-full wp-image-9031\" src=\"http:\/\/59.zagan.pl\/wp-content\/uploads\/2026\/04\/IMG-20260427-WA0033.jpg\" alt=\"XVI Sztafeta Pami\u0119ci genera\u0142a broni Tadeusza Buka - zdj\u0119cie 1\" width=\"2048\" height=\"1536\" srcset=\"http:\/\/59.zagan.pl\/wp-content\/uploads\/2026\/04\/IMG-20260427-WA0033.jpg 2048w, http:\/\/59.zagan.pl\/wp-content\/uploads\/2026\/04\/IMG-20260427-WA0033-300x225.jpg 300w, http:\/\/59.zagan.pl\/wp-content\/uploads\/2026\/04\/IMG-20260427-WA0033-1024x768.jpg 1024w, http:\/\/59.zagan.pl\/wp-content\/uploads\/2026\/04\/IMG-20260427-WA0033-768x576.jpg 768w, http:\/\/59.zagan.pl\/wp-content\/uploads\/2026\/04\/IMG-20260427-WA0033-1536x1152.jpg 1536w\" sizes=\"(max-width: 2048px) 100vw, 2048px\" \/> <img decoding=\"async\" class=\"aligncenter size-full wp-image-9032\" src=\"http:\/\/59.zagan.pl\/wp-content\/uploads\/2026\/04\/IMG-20260427-WA0035.jpg\" alt=\"XVI Sztafeta Pami\u0119ci genera\u0142a broni Tadeusza Buka - zdj\u0119cie 2\" width=\"2048\" height=\"1536\" srcset=\"http:\/\/59.zagan.pl\/wp-content\/uploads\/2026\/04\/IMG-20260427-WA0035.jpg 2048w, http:\/\/59.zagan.pl\/wp-content\/uploads\/2026\/04\/IMG-20260427-WA0035-300x225.jpg 300w, http:\/\/59.zagan.pl\/wp-content\/uploads\/2026\/04\/IMG-20260427-WA0035-1024x768.jpg 1024w, http:\/\/59.zagan.pl\/wp-content\/uploads\/2026\/04\/IMG-20260427-WA0035-768x576.jpg 768w, http:\/\/59.zagan.pl\/wp-content\/uploads\/2026\/04\/IMG-20260427-WA0035-1536x1152.jpg 1536w\" sizes=\"(max-width: 2048px) 100vw, 2048px\" \/> <img decoding=\"async\" class=\"aligncenter size-full wp-image-9033\" src=\"http:\/\/59.zagan.pl\/wp-content\/uploads\/2026\/04\/IMG-20260427-WA0036.jpg\" alt=\"XVI Sztafeta Pami\u0119ci genera\u0142a broni Tadeusza Buka - zdj\u0119cie 3\" width=\"2048\" height=\"1536\" srcset=\"http:\/\/59.zagan.pl\/wp-content\/uploads\/2026\/04\/IMG-20260427-WA0036.jpg 2048w, http:\/\/59.zagan.pl\/wp-content\/uploads\/2026\/04\/IMG-20260427-WA0036-300x225.jpg 300w, http:\/\/59.zagan.pl\/wp-content\/uploads\/2026\/04\/IMG-20260427-WA0036-1024x768.jpg 1024w, http:\/\/59.zagan.pl\/wp-content\/uploads\/2026\/04\/IMG-20260427-WA0036-768x576.jpg 768w, http:\/\/59.zagan.pl\/wp-content\/uploads\/2026\/04\/IMG-20260427-WA0036-1536x1152.jpg 1536w\" sizes=\"(max-width: 2048px) 100vw, 2048px\" \/> <img loading=\"lazy\" decoding=\"async\" class=\"aligncenter size-full wp-image-9034\" src=\"http:\/\/59.zagan.pl\/wp-content\/uploads\/2026\/04\/IMG-20260427-WA0037.jpg\" alt=\"XVI Sztafeta Pami\u0119ci genera\u0142a broni Tadeusza Buka - zdj\u0119cie 4\" width=\"2048\" height=\"1536\" srcset=\"http:\/\/59.zagan.pl\/wp-content\/uploads\/2026\/04\/IMG-20260427-WA0037.jpg 2048w, http:\/\/59.zagan.pl\/wp-content\/uploads\/2026\/04\/IMG-20260427-WA0037-300x225.jpg 300w, http:\/\/59.zagan.pl\/wp-content\/uploads\/2026\/04\/IMG-20260427-WA0037-1024x768.jpg 1024w, http:\/\/59.zagan.pl\/wp-content\/uploads\/2026\/04\/IMG-20260427-WA0037-768x576.jpg 768w, http:\/\/59.zagan.pl\/wp-content\/uploads\/2026\/04\/IMG-20260427-WA0037-1536x1152.jpg 1536w\" sizes=\"(max-width: 2048px) 100vw, 2048px\" \/> <img loading=\"lazy\" decoding=\"async\" class=\"aligncenter size-full wp-image-9035\" src=\"http:\/\/59.zagan.pl\/wp-content\/uploads\/2026\/04\/IMG-20260427-WA0038.jpg\" alt=\"XVI Sztafeta Pami\u0119ci genera\u0142a broni Tadeusza Buka - zdj\u0119cie 5\" width=\"2048\" height=\"1536\" srcset=\"http:\/\/59.zagan.pl\/wp-content\/uploads\/2026\/04\/IMG-20260427-WA0038.jpg 2048w, http:\/\/59.zagan.pl\/wp-content\/uploads\/2026\/04\/IMG-20260427-WA0038-300x225.jpg 300w, http:\/\/59.zagan.pl\/wp-content\/uploads\/2026\/04\/IMG-20260427-WA0038-1024x768.jpg 1024w, http:\/\/59.zagan.pl\/wp-content\/uploads\/2026\/04\/IMG-20260427-WA0038-768x576.jpg 768w, http:\/\/59.zagan.pl\/wp-content\/uploads\/2026\/04\/IMG-20260427-WA0038-1536x1152.jpg 1536w\" sizes=\"(max-width: 2048px) 100vw, 2048px\" \/> <img loading=\"lazy\" decoding=\"async\" class=\"aligncenter size-full wp-image-9036\" src=\"http:\/\/59.zagan.pl\/wp-content\/uploads\/2026\/04\/IMG-20260427-WA0039.jpg\" alt=\"XVI Sztafeta Pami\u0119ci genera\u0142a broni Tadeusza Buka - zdj\u0119cie 6\" width=\"2048\" height=\"1536\" srcset=\"http:\/\/59.zagan.pl\/wp-content\/uploads\/2026\/04\/IMG-20260427-WA0039.jpg 2048w, http:\/\/59.zagan.pl\/wp-content\/uploads\/2026\/04\/IMG-20260427-WA0039-300x225.jpg 300w, http:\/\/59.zagan.pl\/wp-content\/uploads\/2026\/04\/IMG-20260427-WA0039-1024x768.jpg 1024w, http:\/\/59.zagan.pl\/wp-content\/uploads\/2026\/04\/IMG-20260427-WA0039-768x576.jpg 768w, http:\/\/59.zagan.pl\/wp-content\/uploads\/2026\/04\/IMG-20260427-WA0039-1536x1152.jpg 1536w\" sizes=\"(max-width: 2048px) 100vw, 2048px\" \/> <img loading=\"lazy\" decoding=\"async\" class=\"aligncenter size-full wp-image-9037\" src=\"http:\/\/59.zagan.pl\/wp-content\/uploads\/2026\/04\/IMG-20260427-WA0040-1.jpg\" alt=\"XVI Sztafeta Pami\u0119ci genera\u0142a broni Tadeusza Buka - zdj\u0119cie 7\" width=\"2048\" height=\"1536\" srcset=\"http:\/\/59.zagan.pl\/wp-content\/uploads\/2026\/04\/IMG-20260427-WA0040-1.jpg 2048w, http:\/\/59.zagan.pl\/wp-content\/uploads\/2026\/04\/IMG-20260427-WA0040-1-300x225.jpg 300w, http:\/\/59.zagan.pl\/wp-content\/uploads\/2026\/04\/IMG-20260427-WA0040-1-1024x768.jpg 1024w, http:\/\/59.zagan.pl\/wp-content\/uploads\/2026\/04\/IMG-20260427-WA0040-1-768x576.jpg 768w, http:\/\/59.zagan.pl\/wp-content\/uploads\/2026\/04\/IMG-20260427-WA0040-1-1536x1152.jpg 1536w\" sizes=\"(max-width: 2048px) 100vw, 2048px\" \/> <img loading=\"lazy\" decoding=\"async\" class=\"aligncenter size-full wp-image-9038\" src=\"http:\/\/59.zagan.pl\/wp-content\/uploads\/2026\/04\/IMG-20260427-WA0041.jpg\" alt=\"XVI Sztafeta Pami\u0119ci genera\u0142a broni Tadeusza Buka - zdj\u0119cie 8\" width=\"2048\" height=\"1536\" srcset=\"http:\/\/59.zagan.pl\/wp-content\/uploads\/2026\/04\/IMG-20260427-WA0041.jpg 2048w, http:\/\/59.zagan.pl\/wp-content\/uploads\/2026\/04\/IMG-20260427-WA0041-300x225.jpg 300w, http:\/\/59.zagan.pl\/wp-content\/uploads\/2026\/04\/IMG-20260427-WA0041-1024x768.jpg 1024w, http:\/\/59.zagan.pl\/wp-content\/uploads\/2026\/04\/IMG-20260427-WA0041-768x576.jpg 768w, http:\/\/59.zagan.pl\/wp-content\/uploads\/2026\/04\/IMG-20260427-WA0041-1536x1152.jpg 1536w\" sizes=\"(max-width: 2048px) 100vw, 2048px\" \/> <img loading=\"lazy\" decoding=\"async\" class=\"aligncenter size-full wp-image-9039\" src=\"http:\/\/59.zagan.pl\/wp-content\/uploads\/2026\/04\/IMG-20260427-WA0042-1.jpg\" alt=\"XVI Sztafeta Pami\u0119ci genera\u0142a broni Tadeusza Buka - zdj\u0119cie 9\" width=\"2048\" height=\"1536\" srcset=\"http:\/\/59.zagan.pl\/wp-content\/uploads\/2026\/04\/IMG-20260427-WA0042-1.jpg 2048w, http:\/\/59.zagan.pl\/wp-content\/uploads\/2026\/04\/IMG-20260427-WA0042-1-300x225.jpg 300w, http:\/\/59.zagan.pl\/wp-content\/uploads\/2026\/04\/IMG-20260427-WA0042-1-1024x768.jpg 1024w, http:\/\/59.zagan.pl\/wp-content\/uploads\/2026\/04\/IMG-20260427-WA0042-1-768x576.jpg 768w, http:\/\/59.zagan.pl\/wp-content\/uploads\/2026\/04\/IMG-20260427-WA0042-1-1536x1152.jpg 1536w\" sizes=\"(max-width: 2048px) 100vw, 2048px\" \/> <img loading=\"lazy\" decoding=\"async\" class=\"aligncenter size-full wp-image-9040\" src=\"http:\/\/59.zagan.pl\/wp-content\/uploads\/2026\/04\/IMG-20260427-WA0044-1.jpg\" alt=\"XVI Sztafeta Pami\u0119ci genera\u0142a broni Tadeusza Buka - zdj\u0119cie 10\" width=\"2048\" height=\"1536\" srcset=\"http:\/\/59.zagan.pl\/wp-content\/uploads\/2026\/04\/IMG-20260427-WA0044-1.jpg 2048w, http:\/\/59.zagan.pl\/wp-content\/uploads\/2026\/04\/IMG-20260427-WA0044-1-300x225.jpg 300w, http:\/\/59.zagan.pl\/wp-content\/uploads\/2026\/04\/IMG-20260427-WA0044-1-1024x768.jpg 1024w, http:\/\/59.zagan.pl\/wp-content\/uploads\/2026\/04\/IMG-20260427-WA0044-1-768x576.jpg 768w, http:\/\/59.zagan.pl\/wp-content\/uploads\/2026\/04\/IMG-20260427-WA0044-1-1536x1152.jpg 1536w\" sizes=\"(max-width: 2048px) 100vw, 2048px\" \/> <img loading=\"lazy\" decoding=\"async\" class=\"aligncenter size-full wp-image-9041\" src=\"http:\/\/59.zagan.pl\/wp-content\/uploads\/2026\/04\/IMG-20260427-WA0045-1.jpg\" alt=\"XVI Sztafeta Pami\u0119ci genera\u0142a broni Tadeusza Buka - zdj\u0119cie 11\" width=\"2048\" height=\"1536\" srcset=\"http:\/\/59.zagan.pl\/wp-content\/uploads\/2026\/04\/IMG-20260427-WA0045-1.jpg 2048w, http:\/\/59.zagan.pl\/wp-content\/uploads\/2026\/04\/IMG-20260427-WA0045-1-300x225.jpg 300w, http:\/\/59.zagan.pl\/wp-content\/uploads\/2026\/04\/IMG-20260427-WA0045-1-1024x768.jpg 1024w, http:\/\/59.zagan.pl\/wp-content\/uploads\/2026\/04\/IMG-20260427-WA0045-1-768x576.jpg 768w, http:\/\/59.zagan.pl\/wp-content\/uploads\/2026\/04\/IMG-20260427-WA0045-1-1536x1152.jpg 1536w\" sizes=\"(max-width: 2048px) 100vw, 2048px\" \/><\/p>\n","protected":false},"excerpt":{"rendered":"<p>23 kwietnia wzi\u0119li\u015bmy udzia\u0142 w obchodach \u015bwi\u0119ta 34 Brygady Kawalerii Pancernej \u201eHetma\u0144skiej Brygady\u201d, kt\u00f3ra od&#8230;<\/p>\n","protected":false},"author":4,"featured_media":9031,"comment_status":"closed","ping_status":"closed","sticky":false,"template":"","format":"standard","meta":{"_uag_custom_page_level_css":"","footnotes":""},"categories":[11,16,2],"tags":[],"class_list":["post-9030","post","type-post","status-publish","format-standard","has-post-thumbnail","hentry","category-aktualnosci","category-oddzialy-przygotowania-wojskowego","category-wydarzenia"],"uagb_featured_image_src":{"full":["http:\/\/59.zagan.pl\/wp-content\/uploads\/2026\/04\/IMG-20260427-WA0033.jpg",2048,1536,false],"thumbnail":["http:\/\/59.zagan.pl\/wp-content\/uploads\/2026\/04\/IMG-20260427-WA0033-150x150.jpg",150,150,true],"medium":["http:\/\/59.zagan.pl\/wp-content\/uploads\/2026\/04\/IMG-20260427-WA0033-300x225.jpg",300,225,true],"medium_large":["http:\/\/59.zagan.pl\/wp-content\/uploads\/2026\/04\/IMG-20260427-WA0033-768x576.jpg",640,480,true],"large":["http:\/\/59.zagan.pl\/wp-content\/uploads\/2026\/04\/IMG-20260427-WA0033-1024x768.jpg",640,480,true],"1536x1536":["http:\/\/59.zagan.pl\/wp-content\/uploads\/2026\/04\/IMG-20260427-WA0033-1536x1152.jpg",1536,1152,true],"2048x2048":["http:\/\/59.zagan.pl\/wp-content\/uploads\/2026\/04\/IMG-20260427-WA0033.jpg",2048,1536,false],"covernews-featured":["http:\/\/59.zagan.pl\/wp-content\/uploads\/2026\/04\/IMG-20260427-WA0033-1024x768.jpg",1024,768,true],"covernews-medium":["http:\/\/59.zagan.pl\/wp-content\/uploads\/2026\/04\/IMG-20260427-WA0033-540x340.jpg",540,340,true],"sow-carousel-default":["http:\/\/59.zagan.pl\/wp-content\/uploads\/2026\/04\/IMG-20260427-WA0033-272x182.jpg",272,182,true]},"uagb_author_info":{"display_name":"Rafa\u0142 Surynt","author_link":"http:\/\/59.zagan.pl\/?author=4"},"uagb_comment_info":0,"uagb_excerpt":"23 kwietnia wzi\u0119li\u015bmy udzia\u0142 w obchodach \u015bwi\u0119ta 34 Brygady Kawalerii Pancernej \u201eHetma\u0144skiej Brygady\u201d, kt\u00f3ra od...","_links":{"self":[{"href":"http:\/\/59.zagan.pl\/index.php?rest_route=\/wp\/v2\/posts\/9030","targetHints":{"allow":["GET"]}}],"collection":[{"href":"http:\/\/59.zagan.pl\/index.php?rest_route=\/wp\/v2\/posts"}],"about":[{"href":"http:\/\/59.zagan.pl\/index.php?rest_route=\/wp\/v2\/types\/post"}],"author":[{"embeddable":true,"href":"http:\/\/59.zagan.pl\/index.php?rest_route=\/wp\/v2\/users\/4"}],"replies":[{"embeddable":true,"href":"http:\/\/59.zagan.pl\/index.php?rest_route=%2Fwp%2Fv2%2Fcomments&post=9030"}],"version-history":[{"count":1,"href":"http:\/\/59.zagan.pl\/index.php?rest_route=\/wp\/v2\/posts\/9030\/revisions"}],"predecessor-version":[{"id":9042,"href":"http:\/\/59.zagan.pl\/index.php?rest_route=\/wp\/v2\/posts\/9030\/revisions\/9042"}],"wp:featuredmedia":[{"embeddable":true,"href":"http:\/\/59.zagan.pl\/index.php?rest_route=\/wp\/v2\/media\/9031"}],"wp:attachment":[{"href":"http:\/\/59.zagan.pl\/index.php?rest_route=%2Fwp%2Fv2%2Fmedia&parent=9030"}],"wp:term":[{"taxonomy":"category","embeddable":true,"href":"http:\/\/59.zagan.pl\/index.php?rest_route=%2Fwp%2Fv2%2Fcategories&post=9030"},{"taxonomy":"post_tag","embeddable":true,"href":"http:\/\/59.zagan.pl\/index.php?rest_route=%2Fwp%2Fv2%2Ftags&post=9030"}],"curies":[{"name":"wp","href":"https:\/\/api.w.org\/{rel}","templated":true}]}}